{"id":1325,"date":"2025-08-18T14:18:28","date_gmt":"2025-08-18T14:18:28","guid":{"rendered":"https:\/\/harnisch.com\/fng-magazin\/?p=1325"},"modified":"2025-08-19T05:29:09","modified_gmt":"2025-08-19T05:29:09","slug":"loesungen-fuer-den-fachkraeftemangel-wie-der-leh-zum-anziehun-gspunkt-fuer-fachkraefte-wird","status":"publish","type":"post","link":"https:\/\/harnisch.com\/fng-magazin\/loesungen-fuer-den-fachkraeftemangel-wie-der-leh-zum-anziehun-gspunkt-fuer-fachkraefte-wird\/","title":{"rendered":"L\u00f6sungen f\u00fcr den Fachkr\u00e4ftemangel Wie der LEH zum Anziehungspunkt f\u00fcr Fachkr\u00e4fte wird"},"content":{"rendered":"<p class=\"p1\">Der LEH steht unter Kostendruck wie kaum eine andere Branche. Die Margen sind gering, die Preissensibilit\u00e4t der Verbraucher hoch, die Alternativen immer nur wenige Meter entfernt und die internationalen Markenhersteller nutzen gerne ihre Marktmarkt in immer h\u00e4rter werdenden Preisverhandlungen.<\/p>\n<p class=\"p1\">Immer weniger junge Leute dr\u00e4ngen auf den Arbeitsmarkt, und nur wenige tr\u00e4umen von einer Karriere im Lebensmittelhandel. Lange Arbeitstage, k\u00f6rperliche Arbeit und unmittelbarer Kundenkontakt sind nicht jedermanns Sache. Gerade kleine Einzelh\u00e4ndler k\u00f6nnen zudem nur geringe Karrierechancen bieten \u2013 Abteilungsleiter, Filialleiter, vielleicht die Zust\u00e4ndigkeit f\u00fcr drei, vier M\u00e4rkte im Einkauf oder im Marketing. Nur sehr Wenige schaffen den Sprung in die Zentralen der gro\u00dfen Filialisten und Einkaufsgemeinschaften wie REWE oder <span class=\"s1\"><i>Edeka<\/i><\/span>.<\/p>\n<p class=\"p1\">Das wissen auch die jungen Leute. Wenn sie sich f\u00fcr einen Job im LEH entscheiden, dann, weil sie tats\u00e4chlich, wie in einer TV-Werbung versprochen, Lebensmittel lieben. Sie entscheiden sich f\u00fcr den LEH, weil sie lokal verwurzelt sind, gerne mit Verbrauchern zu tun haben und die meisten kleineren H\u00e4ndler als loyale Arbeitgeber bekannt sind. Deren Erfolg h\u00e4ngt von der Kundenbindung ab, von der Service- und Beratungsqualit\u00e4t etwa an der Fleischtheke, bei Obst und Gem\u00fcse, Blumen oder an Probierst\u00e4nden. Die Kunden sch\u00e4tzen hier Kontinuit\u00e4t beim Personal und ein freundliches L\u00e4cheln \u2013 zumindest dann, wenn nicht nur die Preise im Vordergrund stehen, sondern auch das Sortiment.<\/p>\n<p class=\"p1\">Waren aus der Nachbarschaft, besondere Frische und Qualit\u00e4t, Bio-Artikel, internationale Delikatessen und seltene Spezialit\u00e4ten d\u00fcrfen dann auch etwas mehr kosten. Und hier spannt sich der Bogen zwischen der strategischen Positionierung und Preispolitik eines Supermarktes zu den Themen Fachkr\u00e4ftegewinnung und -bindung. Denn junge Leute achten mehr als die Boomer und Generationen X und Y darauf, dass ihr Arbeitsplatz nicht nur funktionalen Anspr\u00fcchen gen\u00fcgt und der Lohn p\u00fcnktlich kommt. Vielmehr hinterfragen sie Aspekte von Nachhaltigkeit, Betriebskultur und gesellschaftlicher Integrit\u00e4t. Sie interessieren sich f\u00fcr die Wahrheit hinter den Bio-Siegeln, wollen wissen, wie sauber die Lieferketten wirklich sind und wie ehrlich das Marketing. Das unterscheidet sie kaum von anspruchsvollen Kunden.<\/p>\n<p style=\"text-align: right\"><em>Lesen Sie den ganzen Artikel in der fng 3\/2025<\/em><\/p>\n","protected":false},"excerpt":{"rendered":"<p>Der LEH steht unter Kostendruck wie kaum eine andere Branche. Die Margen sind gering, die [&hellip;]<\/p>\n","protected":false},"author":14,"featured_media":1326,"comment_status":"closed","ping_status":"open","sticky":false,"template":"","format":"standard","meta":{"_acf_changed":false,"footnotes":""},"categories":[1],"tags":[],"class_list":["post-1325","post","type-post","status-publish","format-standard","has-post-thumbnail","hentry","category-unkategorisiert"],"acf":[],"yoast_head":"<!-- This site is optimized with the Yoast SEO plugin v25.0 - https:\/\/yoast.com\/wordpress\/plugins\/seo\/ -->\n<title>L\u00f6sungen f\u00fcr den Fachkr\u00e4ftemangel Wie der LEH zum Anziehungspunkt f\u00fcr Fachkr\u00e4fte wird - fng MAGAZIN<\/title>\n<meta name=\"robots\" content=\"index, follow, max-snippet:-1, max-image-preview:large, max-video-preview:-1\" \/>\n<link rel=\"canonical\" href=\"https:\/\/harnisch.com\/fng-magazin\/loesungen-fuer-den-fachkraeftemangel-wie-der-leh-zum-anziehun-gspunkt-fuer-fachkraefte-wird\/\" \/>\n<meta property=\"og:locale\" content=\"de_DE\" \/>\n<meta property=\"og:type\" content=\"article\" \/>\n<meta property=\"og:title\" content=\"L\u00f6sungen f\u00fcr den Fachkr\u00e4ftemangel Wie der LEH zum Anziehungspunkt f\u00fcr Fachkr\u00e4fte wird - fng MAGAZIN\" \/>\n<meta property=\"og:description\" content=\"Der LEH steht unter Kostendruck wie kaum eine andere Branche. Die Margen sind gering, die [&hellip;]\" \/>\n<meta property=\"og:url\" content=\"https:\/\/harnisch.com\/fng-magazin\/loesungen-fuer-den-fachkraeftemangel-wie-der-leh-zum-anziehun-gspunkt-fuer-fachkraefte-wird\/\" \/>\n<meta property=\"og:site_name\" content=\"fng MAGAZIN\" \/>\n<meta property=\"article:published_time\" content=\"2025-08-18T14:18:28+00:00\" \/>\n<meta property=\"article:modified_time\" content=\"2025-08-19T05:29:09+00:00\" \/>\n<meta property=\"og:image\" content=\"https:\/\/harnisch.com\/fng-magazin\/wp-content\/uploads\/sites\/4\/2025\/08\/AdobeStock_1380964439.jpg\" \/>\n\t<meta property=\"og:image:width\" content=\"800\" \/>\n\t<meta property=\"og:image:height\" content=\"534\" \/>\n\t<meta property=\"og:image:type\" content=\"image\/jpeg\" \/>\n<meta name=\"author\" content=\"fngredakteur\" \/>\n<meta name=\"twitter:card\" content=\"summary_large_image\" \/>\n<meta name=\"twitter:label1\" content=\"Verfasst von\" \/>\n\t<meta name=\"twitter:data1\" content=\"fngredakteur\" \/>\n\t<meta name=\"twitter:label2\" content=\"Gesch\u00e4tzte Lesezeit\" \/>\n\t<meta name=\"twitter:data2\" content=\"3\u00a0Minuten\" \/>\n<script type=\"application\/ld+json\" class=\"yoast-schema-graph\">{\"@context\":\"https:\/\/schema.org\",\"@graph\":[{\"@type\":\"Article\",\"@id\":\"https:\/\/harnisch.com\/fng-magazin\/loesungen-fuer-den-fachkraeftemangel-wie-der-leh-zum-anziehun-gspunkt-fuer-fachkraefte-wird\/#article\",\"isPartOf\":{\"@id\":\"https:\/\/harnisch.com\/fng-magazin\/loesungen-fuer-den-fachkraeftemangel-wie-der-leh-zum-anziehun-gspunkt-fuer-fachkraefte-wird\/\"},\"author\":{\"name\":\"fngredakteur\",\"@id\":\"https:\/\/harnisch.com\/fng-magazin\/#\/schema\/person\/0acf307653a7bfedb74c060186e0dd32\"},\"headline\":\"L\u00f6sungen f\u00fcr den Fachkr\u00e4ftemangel Wie der LEH zum Anziehungspunkt f\u00fcr Fachkr\u00e4fte wird\",\"datePublished\":\"2025-08-18T14:18:28+00:00\",\"dateModified\":\"2025-08-19T05:29:09+00:00\",\"mainEntityOfPage\":{\"@id\":\"https:\/\/harnisch.com\/fng-magazin\/loesungen-fuer-den-fachkraeftemangel-wie-der-leh-zum-anziehun-gspunkt-fuer-fachkraefte-wird\/\"},\"wordCount\":372,\"publisher\":{\"@id\":\"https:\/\/harnisch.com\/fng-magazin\/#organization\"},\"image\":{\"@id\":\"https:\/\/harnisch.com\/fng-magazin\/loesungen-fuer-den-fachkraeftemangel-wie-der-leh-zum-anziehun-gspunkt-fuer-fachkraefte-wird\/#primaryimage\"},\"thumbnailUrl\":\"https:\/\/harnisch.com\/fng-magazin\/wp-content\/uploads\/sites\/4\/2025\/08\/AdobeStock_1380964439.jpg\",\"articleSection\":[\"Unkategorisiert\"],\"inLanguage\":\"de\"},{\"@type\":\"WebPage\",\"@id\":\"https:\/\/harnisch.com\/fng-magazin\/loesungen-fuer-den-fachkraeftemangel-wie-der-leh-zum-anziehun-gspunkt-fuer-fachkraefte-wird\/\",\"url\":\"https:\/\/harnisch.com\/fng-magazin\/loesungen-fuer-den-fachkraeftemangel-wie-der-leh-zum-anziehun-gspunkt-fuer-fachkraefte-wird\/\",\"name\":\"L\u00f6sungen f\u00fcr den Fachkr\u00e4ftemangel Wie der LEH zum Anziehungspunkt f\u00fcr Fachkr\u00e4fte wird - fng MAGAZIN\",\"isPartOf\":{\"@id\":\"https:\/\/harnisch.com\/fng-magazin\/#website\"},\"primaryImageOfPage\":{\"@id\":\"https:\/\/harnisch.com\/fng-magazin\/loesungen-fuer-den-fachkraeftemangel-wie-der-leh-zum-anziehun-gspunkt-fuer-fachkraefte-wird\/#primaryimage\"},\"image\":{\"@id\":\"https:\/\/harnisch.com\/fng-magazin\/loesungen-fuer-den-fachkraeftemangel-wie-der-leh-zum-anziehun-gspunkt-fuer-fachkraefte-wird\/#primaryimage\"},\"thumbnailUrl\":\"https:\/\/harnisch.com\/fng-magazin\/wp-content\/uploads\/sites\/4\/2025\/08\/AdobeStock_1380964439.jpg\",\"datePublished\":\"2025-08-18T14:18:28+00:00\",\"dateModified\":\"2025-08-19T05:29:09+00:00\",\"breadcrumb\":{\"@id\":\"https:\/\/harnisch.com\/fng-magazin\/loesungen-fuer-den-fachkraeftemangel-wie-der-leh-zum-anziehun-gspunkt-fuer-fachkraefte-wird\/#breadcrumb\"},\"inLanguage\":\"de\",\"potentialAction\":[{\"@type\":\"ReadAction\",\"target\":[\"https:\/\/harnisch.com\/fng-magazin\/loesungen-fuer-den-fachkraeftemangel-wie-der-leh-zum-anziehun-gspunkt-fuer-fachkraefte-wird\/\"]}]},{\"@type\":\"ImageObject\",\"inLanguage\":\"de\",\"@id\":\"https:\/\/harnisch.com\/fng-magazin\/loesungen-fuer-den-fachkraeftemangel-wie-der-leh-zum-anziehun-gspunkt-fuer-fachkraefte-wird\/#primaryimage\",\"url\":\"https:\/\/harnisch.com\/fng-magazin\/wp-content\/uploads\/sites\/4\/2025\/08\/AdobeStock_1380964439.jpg\",\"contentUrl\":\"https:\/\/harnisch.com\/fng-magazin\/wp-content\/uploads\/sites\/4\/2025\/08\/AdobeStock_1380964439.jpg\",\"width\":800,\"height\":534,\"caption\":\"A friendly grocery store employee holds an apple while smiling at the camera, surrounded by fresh produce.\"},{\"@type\":\"BreadcrumbList\",\"@id\":\"https:\/\/harnisch.com\/fng-magazin\/loesungen-fuer-den-fachkraeftemangel-wie-der-leh-zum-anziehun-gspunkt-fuer-fachkraefte-wird\/#breadcrumb\",\"itemListElement\":[{\"@type\":\"ListItem\",\"position\":1,\"name\":\"Startseite\",\"item\":\"https:\/\/harnisch.com\/fng-magazin\/\"},{\"@type\":\"ListItem\",\"position\":2,\"name\":\"L\u00f6sungen f\u00fcr den Fachkr\u00e4ftemangel Wie der LEH zum Anziehungspunkt f\u00fcr Fachkr\u00e4fte wird\"}]},{\"@type\":\"WebSite\",\"@id\":\"https:\/\/harnisch.com\/fng-magazin\/#website\",\"url\":\"https:\/\/harnisch.com\/fng-magazin\/\",\"name\":\"fng MAGAZIN\",\"description\":\" Food \u2022 Nonfood \u2022 Getr\u00e4nke \u2022 Tobacco\",\"publisher\":{\"@id\":\"https:\/\/harnisch.com\/fng-magazin\/#organization\"},\"potentialAction\":[{\"@type\":\"SearchAction\",\"target\":{\"@type\":\"EntryPoint\",\"urlTemplate\":\"https:\/\/harnisch.com\/fng-magazin\/?s={search_term_string}\"},\"query-input\":{\"@type\":\"PropertyValueSpecification\",\"valueRequired\":true,\"valueName\":\"search_term_string\"}}],\"inLanguage\":\"de\"},{\"@type\":\"Organization\",\"@id\":\"https:\/\/harnisch.com\/fng-magazin\/#organization\",\"name\":\"fng MAGAZIN\",\"url\":\"https:\/\/harnisch.com\/fng-magazin\/\",\"logo\":{\"@type\":\"ImageObject\",\"inLanguage\":\"de\",\"@id\":\"https:\/\/harnisch.com\/fng-magazin\/#\/schema\/logo\/image\/\",\"url\":\"https:\/\/harnisch.com\/fng-magazin\/wp-content\/uploads\/sites\/4\/2019\/01\/fng-logo.jpg\",\"contentUrl\":\"https:\/\/harnisch.com\/fng-magazin\/wp-content\/uploads\/sites\/4\/2019\/01\/fng-logo.jpg\",\"width\":538,\"height\":72,\"caption\":\"fng MAGAZIN\"},\"image\":{\"@id\":\"https:\/\/harnisch.com\/fng-magazin\/#\/schema\/logo\/image\/\"}},{\"@type\":\"Person\",\"@id\":\"https:\/\/harnisch.com\/fng-magazin\/#\/schema\/person\/0acf307653a7bfedb74c060186e0dd32\",\"name\":\"fngredakteur\",\"image\":{\"@type\":\"ImageObject\",\"inLanguage\":\"de\",\"@id\":\"https:\/\/harnisch.com\/fng-magazin\/#\/schema\/person\/image\/\",\"url\":\"https:\/\/secure.gravatar.com\/avatar\/eef0d8a8bf31941d0ae050cf8b8d53e3?s=96&d=mm&r=g\",\"contentUrl\":\"https:\/\/secure.gravatar.com\/avatar\/eef0d8a8bf31941d0ae050cf8b8d53e3?s=96&d=mm&r=g\",\"caption\":\"fngredakteur\"},\"url\":\"https:\/\/harnisch.com\/fng-magazin\/author\/fngredakteur\/\"}]}<\/script>\n<!-- \/ Yoast SEO plugin. -->","yoast_head_json":{"title":"L\u00f6sungen f\u00fcr den Fachkr\u00e4ftemangel Wie der LEH zum Anziehungspunkt f\u00fcr Fachkr\u00e4fte wird - fng MAGAZIN","robots":{"index":"index","follow":"follow","max-snippet":"max-snippet:-1","max-image-preview":"max-image-preview:large","max-video-preview":"max-video-preview:-1"},"canonical":"https:\/\/harnisch.com\/fng-magazin\/loesungen-fuer-den-fachkraeftemangel-wie-der-leh-zum-anziehun-gspunkt-fuer-fachkraefte-wird\/","og_locale":"de_DE","og_type":"article","og_title":"L\u00f6sungen f\u00fcr den Fachkr\u00e4ftemangel Wie der LEH zum Anziehungspunkt f\u00fcr Fachkr\u00e4fte wird - fng MAGAZIN","og_description":"Der LEH steht unter Kostendruck wie kaum eine andere Branche. Die Margen sind gering, die [&hellip;]","og_url":"https:\/\/harnisch.com\/fng-magazin\/loesungen-fuer-den-fachkraeftemangel-wie-der-leh-zum-anziehun-gspunkt-fuer-fachkraefte-wird\/","og_site_name":"fng MAGAZIN","article_published_time":"2025-08-18T14:18:28+00:00","article_modified_time":"2025-08-19T05:29:09+00:00","og_image":[{"width":800,"height":534,"url":"https:\/\/harnisch.com\/fng-magazin\/wp-content\/uploads\/sites\/4\/2025\/08\/AdobeStock_1380964439.jpg","type":"image\/jpeg"}],"author":"fngredakteur","twitter_card":"summary_large_image","twitter_misc":{"Verfasst von":"fngredakteur","Gesch\u00e4tzte Lesezeit":"3\u00a0Minuten"},"schema":{"@context":"https:\/\/schema.org","@graph":[{"@type":"Article","@id":"https:\/\/harnisch.com\/fng-magazin\/loesungen-fuer-den-fachkraeftemangel-wie-der-leh-zum-anziehun-gspunkt-fuer-fachkraefte-wird\/#article","isPartOf":{"@id":"https:\/\/harnisch.com\/fng-magazin\/loesungen-fuer-den-fachkraeftemangel-wie-der-leh-zum-anziehun-gspunkt-fuer-fachkraefte-wird\/"},"author":{"name":"fngredakteur","@id":"https:\/\/harnisch.com\/fng-magazin\/#\/schema\/person\/0acf307653a7bfedb74c060186e0dd32"},"headline":"L\u00f6sungen f\u00fcr den Fachkr\u00e4ftemangel Wie der LEH zum Anziehungspunkt f\u00fcr Fachkr\u00e4fte wird","datePublished":"2025-08-18T14:18:28+00:00","dateModified":"2025-08-19T05:29:09+00:00","mainEntityOfPage":{"@id":"https:\/\/harnisch.com\/fng-magazin\/loesungen-fuer-den-fachkraeftemangel-wie-der-leh-zum-anziehun-gspunkt-fuer-fachkraefte-wird\/"},"wordCount":372,"publisher":{"@id":"https:\/\/harnisch.com\/fng-magazin\/#organization"},"image":{"@id":"https:\/\/harnisch.com\/fng-magazin\/loesungen-fuer-den-fachkraeftemangel-wie-der-leh-zum-anziehun-gspunkt-fuer-fachkraefte-wird\/#primaryimage"},"thumbnailUrl":"https:\/\/harnisch.com\/fng-magazin\/wp-content\/uploads\/sites\/4\/2025\/08\/AdobeStock_1380964439.jpg","articleSection":["Unkategorisiert"],"inLanguage":"de"},{"@type":"WebPage","@id":"https:\/\/harnisch.com\/fng-magazin\/loesungen-fuer-den-fachkraeftemangel-wie-der-leh-zum-anziehun-gspunkt-fuer-fachkraefte-wird\/","url":"https:\/\/harnisch.com\/fng-magazin\/loesungen-fuer-den-fachkraeftemangel-wie-der-leh-zum-anziehun-gspunkt-fuer-fachkraefte-wird\/","name":"L\u00f6sungen f\u00fcr den Fachkr\u00e4ftemangel Wie der LEH zum Anziehungspunkt f\u00fcr Fachkr\u00e4fte wird - fng MAGAZIN","isPartOf":{"@id":"https:\/\/harnisch.com\/fng-magazin\/#website"},"primaryImageOfPage":{"@id":"https:\/\/harnisch.com\/fng-magazin\/loesungen-fuer-den-fachkraeftemangel-wie-der-leh-zum-anziehun-gspunkt-fuer-fachkraefte-wird\/#primaryimage"},"image":{"@id":"https:\/\/harnisch.com\/fng-magazin\/loesungen-fuer-den-fachkraeftemangel-wie-der-leh-zum-anziehun-gspunkt-fuer-fachkraefte-wird\/#primaryimage"},"thumbnailUrl":"https:\/\/harnisch.com\/fng-magazin\/wp-content\/uploads\/sites\/4\/2025\/08\/AdobeStock_1380964439.jpg","datePublished":"2025-08-18T14:18:28+00:00","dateModified":"2025-08-19T05:29:09+00:00","breadcrumb":{"@id":"https:\/\/harnisch.com\/fng-magazin\/loesungen-fuer-den-fachkraeftemangel-wie-der-leh-zum-anziehun-gspunkt-fuer-fachkraefte-wird\/#breadcrumb"},"inLanguage":"de","potentialAction":[{"@type":"ReadAction","target":["https:\/\/harnisch.com\/fng-magazin\/loesungen-fuer-den-fachkraeftemangel-wie-der-leh-zum-anziehun-gspunkt-fuer-fachkraefte-wird\/"]}]},{"@type":"ImageObject","inLanguage":"de","@id":"https:\/\/harnisch.com\/fng-magazin\/loesungen-fuer-den-fachkraeftemangel-wie-der-leh-zum-anziehun-gspunkt-fuer-fachkraefte-wird\/#primaryimage","url":"https:\/\/harnisch.com\/fng-magazin\/wp-content\/uploads\/sites\/4\/2025\/08\/AdobeStock_1380964439.jpg","contentUrl":"https:\/\/harnisch.com\/fng-magazin\/wp-content\/uploads\/sites\/4\/2025\/08\/AdobeStock_1380964439.jpg","width":800,"height":534,"caption":"A friendly grocery store employee holds an apple while smiling at the camera, surrounded by fresh produce."},{"@type":"BreadcrumbList","@id":"https:\/\/harnisch.com\/fng-magazin\/loesungen-fuer-den-fachkraeftemangel-wie-der-leh-zum-anziehun-gspunkt-fuer-fachkraefte-wird\/#breadcrumb","itemListElement":[{"@type":"ListItem","position":1,"name":"Startseite","item":"https:\/\/harnisch.com\/fng-magazin\/"},{"@type":"ListItem","position":2,"name":"L\u00f6sungen f\u00fcr den Fachkr\u00e4ftemangel Wie der LEH zum Anziehungspunkt f\u00fcr Fachkr\u00e4fte wird"}]},{"@type":"WebSite","@id":"https:\/\/harnisch.com\/fng-magazin\/#website","url":"https:\/\/harnisch.com\/fng-magazin\/","name":"fng MAGAZIN","description":" Food \u2022 Nonfood \u2022 Getr\u00e4nke \u2022 Tobacco","publisher":{"@id":"https:\/\/harnisch.com\/fng-magazin\/#organization"},"potentialAction":[{"@type":"SearchAction","target":{"@type":"EntryPoint","urlTemplate":"https:\/\/harnisch.com\/fng-magazin\/?s={search_term_string}"},"query-input":{"@type":"PropertyValueSpecification","valueRequired":true,"valueName":"search_term_string"}}],"inLanguage":"de"},{"@type":"Organization","@id":"https:\/\/harnisch.com\/fng-magazin\/#organization","name":"fng MAGAZIN","url":"https:\/\/harnisch.com\/fng-magazin\/","logo":{"@type":"ImageObject","inLanguage":"de","@id":"https:\/\/harnisch.com\/fng-magazin\/#\/schema\/logo\/image\/","url":"https:\/\/harnisch.com\/fng-magazin\/wp-content\/uploads\/sites\/4\/2019\/01\/fng-logo.jpg","contentUrl":"https:\/\/harnisch.com\/fng-magazin\/wp-content\/uploads\/sites\/4\/2019\/01\/fng-logo.jpg","width":538,"height":72,"caption":"fng MAGAZIN"},"image":{"@id":"https:\/\/harnisch.com\/fng-magazin\/#\/schema\/logo\/image\/"}},{"@type":"Person","@id":"https:\/\/harnisch.com\/fng-magazin\/#\/schema\/person\/0acf307653a7bfedb74c060186e0dd32","name":"fngredakteur","image":{"@type":"ImageObject","inLanguage":"de","@id":"https:\/\/harnisch.com\/fng-magazin\/#\/schema\/person\/image\/","url":"https:\/\/secure.gravatar.com\/avatar\/eef0d8a8bf31941d0ae050cf8b8d53e3?s=96&d=mm&r=g","contentUrl":"https:\/\/secure.gravatar.com\/avatar\/eef0d8a8bf31941d0ae050cf8b8d53e3?s=96&d=mm&r=g","caption":"fngredakteur"},"url":"https:\/\/harnisch.com\/fng-magazin\/author\/fngredakteur\/"}]}},"publishpress_future_action":{"enabled":false,"date":"2026-05-09 02:00:52","action":"change-status","newStatus":"draft","terms":[],"taxonomy":"category","extraData":[]},"publishpress_future_workflow_manual_trigger":{"enabledWorkflows":[]},"_links":{"self":[{"href":"https:\/\/harnisch.com\/fng-magazin\/wp-json\/wp\/v2\/posts\/1325","targetHints":{"allow":["GET"]}}],"collection":[{"href":"https:\/\/harnisch.com\/fng-magazin\/wp-json\/wp\/v2\/posts"}],"about":[{"href":"https:\/\/harnisch.com\/fng-magazin\/wp-json\/wp\/v2\/types\/post"}],"author":[{"embeddable":true,"href":"https:\/\/harnisch.com\/fng-magazin\/wp-json\/wp\/v2\/users\/14"}],"replies":[{"embeddable":true,"href":"https:\/\/harnisch.com\/fng-magazin\/wp-json\/wp\/v2\/comments?post=1325"}],"version-history":[{"count":2,"href":"https:\/\/harnisch.com\/fng-magazin\/wp-json\/wp\/v2\/posts\/1325\/revisions"}],"predecessor-version":[{"id":1330,"href":"https:\/\/harnisch.com\/fng-magazin\/wp-json\/wp\/v2\/posts\/1325\/revisions\/1330"}],"wp:featuredmedia":[{"embeddable":true,"href":"https:\/\/harnisch.com\/fng-magazin\/wp-json\/wp\/v2\/media\/1326"}],"wp:attachment":[{"href":"https:\/\/harnisch.com\/fng-magazin\/wp-json\/wp\/v2\/media?parent=1325"}],"wp:term":[{"taxonomy":"category","embeddable":true,"href":"https:\/\/harnisch.com\/fng-magazin\/wp-json\/wp\/v2\/categories?post=1325"},{"taxonomy":"post_tag","embeddable":true,"href":"https:\/\/harnisch.com\/fng-magazin\/wp-json\/wp\/v2\/tags?post=1325"}],"curies":[{"name":"wp","href":"https:\/\/api.w.org\/{rel}","templated":true}]}}